{"id":38,"date":"2015-03-17T14:16:54","date_gmt":"2015-03-17T14:16:54","guid":{"rendered":"https:\/\/leblogusadedom.com\/wp\/?p=38"},"modified":"2022-09-09T09:03:38","modified_gmt":"2022-09-09T09:03:38","slug":"crater-lake-national-park","status":"publish","type":"post","link":"https:\/\/leblogusadedom.com\/wp\/2015\/03\/crater-lake-national-park\/","title":{"rendered":"Crater Lake National Park &#8211; OREGON"},"content":{"rendered":"<p>Voici un aper\u00e7u de notre passage \u00e0 <strong>Crater Lake National Park en Oregon<\/strong>. Nous y sommes all\u00e9s \u00e0 l&#8217;automne, c&#8217;\u00e9tait fin octobre, et l&#8217;acc\u00e8s \u00e9tait limit\u00e9 \u00e0 cause de la neige. <strong>Crater Lake National Park est un incontournable de l&#8217;Oregon.<\/strong> Un parc qui est \u00e0 voir absolument\u00a0!<\/p>\n<p>&nbsp;<\/p>\n<h2><span style=\"color: #000000;\">Crater Lake, un Parc National particulier<\/span><\/h2>\n<p><strong>Crater Lake est un parc national, le seul de l&#8217;Oregon.<\/strong> C&#8217;est le lac le plus profond du pays\u00a0: 592 m\u00e8tres de profondeur. Il a \u00e9t\u00e9 form\u00e9 \u00e0 la suite de l&#8217;\u00e9ruption du <strong>volcan Mazama<\/strong> il y a environ 7 700 ans. En s&#8217;effondrant, la montagne a laiss\u00e9 place \u00e0 une caldeira.<\/p>\n<p>Il se situe \u00e0 environ 300 km au sud de Portland, et 600 km au nord de San Francisco, dans la <strong>Cha\u00eene des Cascades<\/strong>. La superficie du parc est de 740 km\u00b2. Le plus haut sommet, le <strong>Mont Scott<\/strong>, culmine \u00e0 2721 m\u00e8tres.<\/p>\n<p>Le lac se situe \u00e0 une altitude de 1881 m\u00e8tres. Aucun cours d&#8217;eau n&#8217;en sort et aucun cours d&#8217;eau ne se jette dans le lac. Les pr\u00e9cipitations et l&#8217;\u00e9vaporation conservent son niveau \u00e0 peu pr\u00e8s constant. Il mesure approximativement 10 km de diam\u00e8tre, et ses eaux pures sont couleur saphir. Le sommet conique d&#8217;un petit volcan, le <strong>Wizard Island<\/strong>, se dresse sur le lac.<\/p>\n<p>Il est possible d&#8217;en faire le tour \u00e0 pied en suivant le <strong>Rim Drive<\/strong>, 53 km. On peut aussi grimper jusqu&#8217;au Mont Scott, le point culminant (8 km de marche). Attention, en hiver, l&#8217;acc\u00e8s du parc peut \u00eatre difficile. Il y a plusieurs entr\u00e9es. L&#8217;entr\u00e9e nord n&#8217;est pas accessible de novembre \u00e0 juin. Il est pr\u00e9f\u00e9rable de consulter le site du parc avant une visite pour v\u00e9rifier quelles sont les entr\u00e9es ouvertes.<\/p>\n<p>Nous avons visit\u00e9 le parc fin octobre. L&#8217;acc\u00e8s \u00e9tait assez difficile. Surtout en arrivant au sommet, car la route \u00e9tait enneig\u00e9e, ce qui nous a limit\u00e9 pour la visite du parc&#8230; Crater Lake sous la neige, c&#8217;est tr\u00e8s joli, mais si on veut faire le tour \u00e0 pied par la Rim Drive ce n&#8217;est pas terrible ! L&#8217;acc\u00e8s au parc co\u00fbte 15 $ en hiver et 25 $ en \u00e9t\u00e9 (prix par v\u00e9hicule) et le pass est valable 7 jours.<\/p>\n<p>&nbsp;<\/p>\n<h3><span style=\"color: #000000;\">Des cartes pour localiser Crater Lake<\/span><\/h3>\n<p>Deux cartes pour vous aider, une du sud de l&#8217;Oregon pour localiser le site et une du parc pour rep\u00e9rer les diff\u00e9rents points de vue :<\/p>\n<p><a href=\"https:\/\/leblogusadedom.com\/wp\/wp-content\/uploads\/2015\/03\/crater-lake-regional-map.jpg\"><img loading=\"lazy\" decoding=\"async\" class=\"aligncenter size-full wp-image-754\" src=\"https:\/\/leblogusadedom.com\/wp\/wp-content\/uploads\/2015\/03\/crater-lake-regional-map.jpg\" alt=\"crater-lake-regional-map\" width=\"737\" height=\"635\" srcset=\"https:\/\/leblogusadedom.com\/wp\/wp-content\/uploads\/2015\/03\/crater-lake-regional-map.jpg 737w, https:\/\/leblogusadedom.com\/wp\/wp-content\/uploads\/2015\/03\/crater-lake-regional-map-300x258.jpg 300w, https:\/\/leblogusadedom.com\/wp\/wp-content\/uploads\/2015\/03\/crater-lake-regional-map-330x284.jpg 330w, https:\/\/leblogusadedom.com\/wp\/wp-content\/uploads\/2015\/03\/crater-lake-regional-map-690x595.jpg 690w, https:\/\/leblogusadedom.com\/wp\/wp-content\/uploads\/2015\/03\/crater-lake-regional-map-673x580.jpg 673w\" sizes=\"auto, (max-width: 737px) 100vw, 737px\" \/><\/a><\/p>\n<p>&nbsp;<\/p>\n<p><a href=\"https:\/\/leblogusadedom.com\/wp\/wp-content\/uploads\/2015\/03\/CraterLake_Map.png\"><img loading=\"lazy\" decoding=\"async\" class=\"aligncenter size-full wp-image-755\" src=\"https:\/\/leblogusadedom.com\/wp\/wp-content\/uploads\/2015\/03\/CraterLake_Map.png\" alt=\"CraterLake_Map\" width=\"1178\" height=\"669\" srcset=\"https:\/\/leblogusadedom.com\/wp\/wp-content\/uploads\/2015\/03\/CraterLake_Map.png 1178w, https:\/\/leblogusadedom.com\/wp\/wp-content\/uploads\/2015\/03\/CraterLake_Map-300x170.png 300w, https:\/\/leblogusadedom.com\/wp\/wp-content\/uploads\/2015\/03\/CraterLake_Map-1024x582.png 1024w, https:\/\/leblogusadedom.com\/wp\/wp-content\/uploads\/2015\/03\/CraterLake_Map-330x187.png 330w, https:\/\/leblogusadedom.com\/wp\/wp-content\/uploads\/2015\/03\/CraterLake_Map-690x392.png 690w, https:\/\/leblogusadedom.com\/wp\/wp-content\/uploads\/2015\/03\/CraterLake_Map-1050x596.png 1050w, https:\/\/leblogusadedom.com\/wp\/wp-content\/uploads\/2015\/03\/CraterLake_Map-1021x580.png 1021w\" sizes=\"auto, (max-width: 1178px) 100vw, 1178px\" \/><\/a><\/p>\n<p>&nbsp;<\/p>\n<p>Voici le lien vers le site du parc pour plus de pr\u00e9cisions : \u00a0<span style=\"color: #008000;\"><a style=\"color: #008000;\" href=\"https:\/\/www.nps.gov\/crla\/index.htm\" target=\"_blank\" rel=\"noopener noreferrer\">Site du parc<\/a><\/span><\/p>\n<p>&nbsp;<\/p>\n<h2><span style=\"color: #000000;\">Des photos de Crater Lake<\/span><\/h2>\n<p>Voici donc quelques images de notre passage \u00e0 <strong>Crater Lake<\/strong>. Les conditions m\u00e9t\u00e9o n&#8217;\u00e9taient pas optimales. \u00c0 l&#8217;entr\u00e9e du parc, la route \u00e9tait d\u00e9gag\u00e9e. Et puis au fur et \u00e0 mesure que l&#8217;on se rapprochait du sommet, il y avait de plus en plus de neige. Par moments, de la brume et des flocons att\u00e9nuaient la visibilit\u00e9 et la chauss\u00e9e \u00e9tait tr\u00e8s glissante. Cependant, le paysage \u00e9tait magnifique. Les grands pins de l&#8217;Oregon, appel\u00e9s aussi Douglas, \u00e9taient majestueux sous la neige. Tout comme le c\u00e9l\u00e8bre lac, dont on ne voyait plus que le bleu saphir de l&#8217;eau, perdu au milieu de toute cette surface blanche.<\/p>\n<p>&nbsp;<\/p>\n<p><a href=\"https:\/\/leblogusadedom.com\/wp\/wp-content\/uploads\/2015\/03\/U.S-Mexique-2013-232-R\u00e9solution-de-l\u00e9cran.jpg\"><img loading=\"lazy\" decoding=\"async\" class=\"aligncenter size-full wp-image-120\" src=\"https:\/\/leblogusadedom.com\/wp\/wp-content\/uploads\/2015\/03\/U.S-Mexique-2013-232-R\u00e9solution-de-l\u00e9cran.jpg\" alt=\"U.S &amp; Mexique 2013 232 [R\u00e9solution de l'\u00e9cran]\" width=\"1024\" height=\"683\" srcset=\"https:\/\/leblogusadedom.com\/wp\/wp-content\/uploads\/2015\/03\/U.S-Mexique-2013-232-R\u00e9solution-de-l\u00e9cran.jpg 1024w, https:\/\/leblogusadedom.com\/wp\/wp-content\/uploads\/2015\/03\/U.S-Mexique-2013-232-R\u00e9solution-de-l\u00e9cran-300x200.jpg 300w, https:\/\/leblogusadedom.com\/wp\/wp-content\/uploads\/2015\/03\/U.S-Mexique-2013-232-R\u00e9solution-de-l\u00e9cran-330x220.jpg 330w, https:\/\/leblogusadedom.com\/wp\/wp-content\/uploads\/2015\/03\/U.S-Mexique-2013-232-R\u00e9solution-de-l\u00e9cran-296x197.jpg 296w, https:\/\/leblogusadedom.com\/wp\/wp-content\/uploads\/2015\/03\/U.S-Mexique-2013-232-R\u00e9solution-de-l\u00e9cran-690x460.jpg 690w, https:\/\/leblogusadedom.com\/wp\/wp-content\/uploads\/2015\/03\/U.S-Mexique-2013-232-R\u00e9solution-de-l\u00e9cran-870x580.jpg 870w\" sizes=\"auto, (max-width: 1024px) 100vw, 1024px\" \/><\/a><\/p>\n<p>&nbsp;<\/p>\n<p><a href=\"https:\/\/leblogusadedom.com\/wp\/wp-content\/uploads\/2015\/03\/U.S-Mexique-2013-236-R\u00e9solution-de-l\u00e9cran1.jpg\"><img loading=\"lazy\" decoding=\"async\" class=\"aligncenter size-full wp-image-760\" src=\"https:\/\/leblogusadedom.com\/wp\/wp-content\/uploads\/2015\/03\/U.S-Mexique-2013-236-R\u00e9solution-de-l\u00e9cran1.jpg\" alt=\"U.S &amp; Mexique 2013 236 [R\u00e9solution de l'\u00e9cran]\" width=\"1024\" height=\"683\" srcset=\"https:\/\/leblogusadedom.com\/wp\/wp-content\/uploads\/2015\/03\/U.S-Mexique-2013-236-R\u00e9solution-de-l\u00e9cran1.jpg 1024w, https:\/\/leblogusadedom.com\/wp\/wp-content\/uploads\/2015\/03\/U.S-Mexique-2013-236-R\u00e9solution-de-l\u00e9cran1-300x200.jpg 300w, https:\/\/leblogusadedom.com\/wp\/wp-content\/uploads\/2015\/03\/U.S-Mexique-2013-236-R\u00e9solution-de-l\u00e9cran1-330x220.jpg 330w, https:\/\/leblogusadedom.com\/wp\/wp-content\/uploads\/2015\/03\/U.S-Mexique-2013-236-R\u00e9solution-de-l\u00e9cran1-296x197.jpg 296w, https:\/\/leblogusadedom.com\/wp\/wp-content\/uploads\/2015\/03\/U.S-Mexique-2013-236-R\u00e9solution-de-l\u00e9cran1-690x460.jpg 690w, https:\/\/leblogusadedom.com\/wp\/wp-content\/uploads\/2015\/03\/U.S-Mexique-2013-236-R\u00e9solution-de-l\u00e9cran1-870x580.jpg 870w\" sizes=\"auto, (max-width: 1024px) 100vw, 1024px\" \/><\/a><\/p>\n<p>&nbsp;<\/p>\n<p><a href=\"https:\/\/leblogusadedom.com\/wp\/wp-content\/uploads\/2015\/03\/U.S-Mexique-2013-254-R\u00e9solution-de-l\u00e9cran.jpg\"><img loading=\"lazy\" decoding=\"async\" class=\"aligncenter size-full wp-image-759\" src=\"https:\/\/leblogusadedom.com\/wp\/wp-content\/uploads\/2015\/03\/U.S-Mexique-2013-254-R\u00e9solution-de-l\u00e9cran.jpg\" alt=\"U.S &amp; Mexique 2013 254 [R\u00e9solution de l'\u00e9cran]\" width=\"1024\" height=\"683\" srcset=\"https:\/\/leblogusadedom.com\/wp\/wp-content\/uploads\/2015\/03\/U.S-Mexique-2013-254-R\u00e9solution-de-l\u00e9cran.jpg 1024w, https:\/\/leblogusadedom.com\/wp\/wp-content\/uploads\/2015\/03\/U.S-Mexique-2013-254-R\u00e9solution-de-l\u00e9cran-300x200.jpg 300w, https:\/\/leblogusadedom.com\/wp\/wp-content\/uploads\/2015\/03\/U.S-Mexique-2013-254-R\u00e9solution-de-l\u00e9cran-330x220.jpg 330w, https:\/\/leblogusadedom.com\/wp\/wp-content\/uploads\/2015\/03\/U.S-Mexique-2013-254-R\u00e9solution-de-l\u00e9cran-296x197.jpg 296w, https:\/\/leblogusadedom.com\/wp\/wp-content\/uploads\/2015\/03\/U.S-Mexique-2013-254-R\u00e9solution-de-l\u00e9cran-690x460.jpg 690w, https:\/\/leblogusadedom.com\/wp\/wp-content\/uploads\/2015\/03\/U.S-Mexique-2013-254-R\u00e9solution-de-l\u00e9cran-870x580.jpg 870w\" sizes=\"auto, (max-width: 1024px) 100vw, 1024px\" \/><\/a><\/p>\n<p>&nbsp;<\/p>\n<p><a href=\"https:\/\/leblogusadedom.com\/wp\/wp-content\/uploads\/2015\/03\/U.S-Mexique-2013-253-Copier.jpg\"><img loading=\"lazy\" decoding=\"async\" class=\"aligncenter size-full wp-image-129\" src=\"https:\/\/leblogusadedom.com\/wp\/wp-content\/uploads\/2015\/03\/U.S-Mexique-2013-253-Copier.jpg\" alt=\"U.S &amp; Mexique 2013 253 (Copier)\" width=\"1024\" height=\"683\" srcset=\"https:\/\/leblogusadedom.com\/wp\/wp-content\/uploads\/2015\/03\/U.S-Mexique-2013-253-Copier.jpg 1024w, https:\/\/leblogusadedom.com\/wp\/wp-content\/uploads\/2015\/03\/U.S-Mexique-2013-253-Copier-300x200.jpg 300w, https:\/\/leblogusadedom.com\/wp\/wp-content\/uploads\/2015\/03\/U.S-Mexique-2013-253-Copier-330x220.jpg 330w, https:\/\/leblogusadedom.com\/wp\/wp-content\/uploads\/2015\/03\/U.S-Mexique-2013-253-Copier-296x197.jpg 296w, https:\/\/leblogusadedom.com\/wp\/wp-content\/uploads\/2015\/03\/U.S-Mexique-2013-253-Copier-690x460.jpg 690w, https:\/\/leblogusadedom.com\/wp\/wp-content\/uploads\/2015\/03\/U.S-Mexique-2013-253-Copier-870x580.jpg 870w\" sizes=\"auto, (max-width: 1024px) 100vw, 1024px\" \/><\/a><\/p>\n<p>&nbsp;<\/p>\n<p><a href=\"https:\/\/leblogusadedom.com\/wp\/wp-content\/uploads\/2015\/03\/U.S-Mexique-2013-238-R\u00e9solution-de-l\u00e9cran.jpg\"><img loading=\"lazy\" decoding=\"async\" class=\"aligncenter size-full wp-image-121\" src=\"https:\/\/leblogusadedom.com\/wp\/wp-content\/uploads\/2015\/03\/U.S-Mexique-2013-238-R\u00e9solution-de-l\u00e9cran.jpg\" alt=\"U.S &amp; Mexique 2013 238 [R\u00e9solution de l'\u00e9cran]\" width=\"1024\" height=\"683\" srcset=\"https:\/\/leblogusadedom.com\/wp\/wp-content\/uploads\/2015\/03\/U.S-Mexique-2013-238-R\u00e9solution-de-l\u00e9cran.jpg 1024w, https:\/\/leblogusadedom.com\/wp\/wp-content\/uploads\/2015\/03\/U.S-Mexique-2013-238-R\u00e9solution-de-l\u00e9cran-300x200.jpg 300w, https:\/\/leblogusadedom.com\/wp\/wp-content\/uploads\/2015\/03\/U.S-Mexique-2013-238-R\u00e9solution-de-l\u00e9cran-330x220.jpg 330w, https:\/\/leblogusadedom.com\/wp\/wp-content\/uploads\/2015\/03\/U.S-Mexique-2013-238-R\u00e9solution-de-l\u00e9cran-296x197.jpg 296w, https:\/\/leblogusadedom.com\/wp\/wp-content\/uploads\/2015\/03\/U.S-Mexique-2013-238-R\u00e9solution-de-l\u00e9cran-690x460.jpg 690w, https:\/\/leblogusadedom.com\/wp\/wp-content\/uploads\/2015\/03\/U.S-Mexique-2013-238-R\u00e9solution-de-l\u00e9cran-870x580.jpg 870w\" sizes=\"auto, (max-width: 1024px) 100vw, 1024px\" \/><\/a><\/p>\n<p>&nbsp;<\/p>\n<p><a href=\"https:\/\/leblogusadedom.com\/wp\/wp-content\/uploads\/2015\/03\/U.S-Mexique-2013-239-R\u00e9solution-de-l\u00e9cran.jpg\"><img loading=\"lazy\" decoding=\"async\" class=\"aligncenter size-full wp-image-122\" src=\"https:\/\/leblogusadedom.com\/wp\/wp-content\/uploads\/2015\/03\/U.S-Mexique-2013-239-R\u00e9solution-de-l\u00e9cran.jpg\" alt=\"U.S &amp; Mexique 2013 239 [R\u00e9solution de l'\u00e9cran]\" width=\"1024\" height=\"683\" srcset=\"https:\/\/leblogusadedom.com\/wp\/wp-content\/uploads\/2015\/03\/U.S-Mexique-2013-239-R\u00e9solution-de-l\u00e9cran.jpg 1024w, https:\/\/leblogusadedom.com\/wp\/wp-content\/uploads\/2015\/03\/U.S-Mexique-2013-239-R\u00e9solution-de-l\u00e9cran-300x200.jpg 300w, https:\/\/leblogusadedom.com\/wp\/wp-content\/uploads\/2015\/03\/U.S-Mexique-2013-239-R\u00e9solution-de-l\u00e9cran-330x220.jpg 330w, https:\/\/leblogusadedom.com\/wp\/wp-content\/uploads\/2015\/03\/U.S-Mexique-2013-239-R\u00e9solution-de-l\u00e9cran-296x197.jpg 296w, https:\/\/leblogusadedom.com\/wp\/wp-content\/uploads\/2015\/03\/U.S-Mexique-2013-239-R\u00e9solution-de-l\u00e9cran-690x460.jpg 690w, https:\/\/leblogusadedom.com\/wp\/wp-content\/uploads\/2015\/03\/U.S-Mexique-2013-239-R\u00e9solution-de-l\u00e9cran-870x580.jpg 870w\" sizes=\"auto, (max-width: 1024px) 100vw, 1024px\" \/><\/a><\/p>\n<p>&nbsp;<\/p>\n<p><a href=\"https:\/\/leblogusadedom.com\/wp\/wp-content\/uploads\/2015\/03\/U.S-Mexique-2013-242-R\u00e9solution-de-l\u00e9cran.jpg\"><img loading=\"lazy\" decoding=\"async\" class=\"aligncenter size-full wp-image-123\" src=\"https:\/\/leblogusadedom.com\/wp\/wp-content\/uploads\/2015\/03\/U.S-Mexique-2013-242-R\u00e9solution-de-l\u00e9cran.jpg\" alt=\"U.S &amp; Mexique 2013 242 [R\u00e9solution de l'\u00e9cran]\" width=\"1024\" height=\"683\" srcset=\"https:\/\/leblogusadedom.com\/wp\/wp-content\/uploads\/2015\/03\/U.S-Mexique-2013-242-R\u00e9solution-de-l\u00e9cran.jpg 1024w, https:\/\/leblogusadedom.com\/wp\/wp-content\/uploads\/2015\/03\/U.S-Mexique-2013-242-R\u00e9solution-de-l\u00e9cran-300x200.jpg 300w, https:\/\/leblogusadedom.com\/wp\/wp-content\/uploads\/2015\/03\/U.S-Mexique-2013-242-R\u00e9solution-de-l\u00e9cran-330x220.jpg 330w, https:\/\/leblogusadedom.com\/wp\/wp-content\/uploads\/2015\/03\/U.S-Mexique-2013-242-R\u00e9solution-de-l\u00e9cran-296x197.jpg 296w, https:\/\/leblogusadedom.com\/wp\/wp-content\/uploads\/2015\/03\/U.S-Mexique-2013-242-R\u00e9solution-de-l\u00e9cran-690x460.jpg 690w, https:\/\/leblogusadedom.com\/wp\/wp-content\/uploads\/2015\/03\/U.S-Mexique-2013-242-R\u00e9solution-de-l\u00e9cran-870x580.jpg 870w\" sizes=\"auto, (max-width: 1024px) 100vw, 1024px\" \/><\/a><\/p>\n<p>&nbsp;<\/p>\n<p><a href=\"https:\/\/leblogusadedom.com\/wp\/wp-content\/uploads\/2015\/03\/U.S-Mexique-2013-246-R\u00e9solution-de-l\u00e9cran.jpg\"><img loading=\"lazy\" decoding=\"async\" class=\"aligncenter size-full wp-image-124\" src=\"https:\/\/leblogusadedom.com\/wp\/wp-content\/uploads\/2015\/03\/U.S-Mexique-2013-246-R\u00e9solution-de-l\u00e9cran.jpg\" alt=\"U.S &amp; Mexique 2013 246 [R\u00e9solution de l'\u00e9cran]\" width=\"1024\" height=\"683\" srcset=\"https:\/\/leblogusadedom.com\/wp\/wp-content\/uploads\/2015\/03\/U.S-Mexique-2013-246-R\u00e9solution-de-l\u00e9cran.jpg 1024w, https:\/\/leblogusadedom.com\/wp\/wp-content\/uploads\/2015\/03\/U.S-Mexique-2013-246-R\u00e9solution-de-l\u00e9cran-300x200.jpg 300w, https:\/\/leblogusadedom.com\/wp\/wp-content\/uploads\/2015\/03\/U.S-Mexique-2013-246-R\u00e9solution-de-l\u00e9cran-330x220.jpg 330w, https:\/\/leblogusadedom.com\/wp\/wp-content\/uploads\/2015\/03\/U.S-Mexique-2013-246-R\u00e9solution-de-l\u00e9cran-296x197.jpg 296w, https:\/\/leblogusadedom.com\/wp\/wp-content\/uploads\/2015\/03\/U.S-Mexique-2013-246-R\u00e9solution-de-l\u00e9cran-690x460.jpg 690w, https:\/\/leblogusadedom.com\/wp\/wp-content\/uploads\/2015\/03\/U.S-Mexique-2013-246-R\u00e9solution-de-l\u00e9cran-870x580.jpg 870w\" sizes=\"auto, (max-width: 1024px) 100vw, 1024px\" \/><\/a><\/p>\n<p>&nbsp;<\/p>\n<p><a href=\"https:\/\/leblogusadedom.com\/wp\/wp-content\/uploads\/2015\/03\/USA-Mexique-1-135-R\u00e9solution-de-l\u00e9cran.jpg\"><img loading=\"lazy\" decoding=\"async\" class=\"aligncenter size-full wp-image-126\" src=\"https:\/\/leblogusadedom.com\/wp\/wp-content\/uploads\/2015\/03\/USA-Mexique-1-135-R\u00e9solution-de-l\u00e9cran.jpg\" alt=\"USA &amp; Mexique 1 135 [R\u00e9solution de l'\u00e9cran]\" width=\"1024\" height=\"768\" srcset=\"https:\/\/leblogusadedom.com\/wp\/wp-content\/uploads\/2015\/03\/USA-Mexique-1-135-R\u00e9solution-de-l\u00e9cran.jpg 1024w, https:\/\/leblogusadedom.com\/wp\/wp-content\/uploads\/2015\/03\/USA-Mexique-1-135-R\u00e9solution-de-l\u00e9cran-300x225.jpg 300w, https:\/\/leblogusadedom.com\/wp\/wp-content\/uploads\/2015\/03\/USA-Mexique-1-135-R\u00e9solution-de-l\u00e9cran-330x248.jpg 330w, https:\/\/leblogusadedom.com\/wp\/wp-content\/uploads\/2015\/03\/USA-Mexique-1-135-R\u00e9solution-de-l\u00e9cran-690x518.jpg 690w, https:\/\/leblogusadedom.com\/wp\/wp-content\/uploads\/2015\/03\/USA-Mexique-1-135-R\u00e9solution-de-l\u00e9cran-773x580.jpg 773w\" sizes=\"auto, (max-width: 1024px) 100vw, 1024px\" \/><\/a><\/p>\n<p>&nbsp;<\/p>\n<p><a href=\"https:\/\/leblogusadedom.com\/wp\/wp-content\/uploads\/2015\/03\/USA-Mexique-1-136-R\u00e9solution-de-l\u00e9cran.jpg\"><img loading=\"lazy\" decoding=\"async\" class=\"aligncenter size-full wp-image-127\" src=\"https:\/\/leblogusadedom.com\/wp\/wp-content\/uploads\/2015\/03\/USA-Mexique-1-136-R\u00e9solution-de-l\u00e9cran.jpg\" alt=\"USA &amp; Mexique 1 136 [R\u00e9solution de l'\u00e9cran]\" width=\"1024\" height=\"768\" srcset=\"https:\/\/leblogusadedom.com\/wp\/wp-content\/uploads\/2015\/03\/USA-Mexique-1-136-R\u00e9solution-de-l\u00e9cran.jpg 1024w, https:\/\/leblogusadedom.com\/wp\/wp-content\/uploads\/2015\/03\/USA-Mexique-1-136-R\u00e9solution-de-l\u00e9cran-300x225.jpg 300w, https:\/\/leblogusadedom.com\/wp\/wp-content\/uploads\/2015\/03\/USA-Mexique-1-136-R\u00e9solution-de-l\u00e9cran-330x248.jpg 330w, https:\/\/leblogusadedom.com\/wp\/wp-content\/uploads\/2015\/03\/USA-Mexique-1-136-R\u00e9solution-de-l\u00e9cran-690x518.jpg 690w, https:\/\/leblogusadedom.com\/wp\/wp-content\/uploads\/2015\/03\/USA-Mexique-1-136-R\u00e9solution-de-l\u00e9cran-773x580.jpg 773w\" sizes=\"auto, (max-width: 1024px) 100vw, 1024px\" \/><\/a><\/p>\n<p>&nbsp;<\/p>\n<p><a href=\"https:\/\/leblogusadedom.com\/wp\/wp-content\/uploads\/2015\/03\/U.S-Mexique-2013-250-R\u00e9solution-de-l\u00e9cran.jpg\"><img loading=\"lazy\" decoding=\"async\" class=\"aligncenter size-full wp-image-128\" src=\"https:\/\/leblogusadedom.com\/wp\/wp-content\/uploads\/2015\/03\/U.S-Mexique-2013-250-R\u00e9solution-de-l\u00e9cran.jpg\" alt=\"U.S &amp; Mexique 2013 250 [R\u00e9solution de l'\u00e9cran]\" width=\"1024\" height=\"683\" srcset=\"https:\/\/leblogusadedom.com\/wp\/wp-content\/uploads\/2015\/03\/U.S-Mexique-2013-250-R\u00e9solution-de-l\u00e9cran.jpg 1024w, https:\/\/leblogusadedom.com\/wp\/wp-content\/uploads\/2015\/03\/U.S-Mexique-2013-250-R\u00e9solution-de-l\u00e9cran-300x200.jpg 300w, https:\/\/leblogusadedom.com\/wp\/wp-content\/uploads\/2015\/03\/U.S-Mexique-2013-250-R\u00e9solution-de-l\u00e9cran-330x220.jpg 330w, https:\/\/leblogusadedom.com\/wp\/wp-content\/uploads\/2015\/03\/U.S-Mexique-2013-250-R\u00e9solution-de-l\u00e9cran-296x197.jpg 296w, https:\/\/leblogusadedom.com\/wp\/wp-content\/uploads\/2015\/03\/U.S-Mexique-2013-250-R\u00e9solution-de-l\u00e9cran-690x460.jpg 690w, https:\/\/leblogusadedom.com\/wp\/wp-content\/uploads\/2015\/03\/U.S-Mexique-2013-250-R\u00e9solution-de-l\u00e9cran-870x580.jpg 870w\" sizes=\"auto, (max-width: 1024px) 100vw, 1024px\" \/><\/a><\/p>\n<p>&nbsp;<\/p>\n<p><a href=\"https:\/\/leblogusadedom.com\/wp\/wp-content\/uploads\/2015\/03\/U.S-Mexique-2013-249-R\u00e9solution-de-l\u00e9cran.jpg\"><img loading=\"lazy\" decoding=\"async\" class=\"aligncenter size-full wp-image-761\" src=\"https:\/\/leblogusadedom.com\/wp\/wp-content\/uploads\/2015\/03\/U.S-Mexique-2013-249-R\u00e9solution-de-l\u00e9cran.jpg\" alt=\"U.S &amp; Mexique 2013 249 [R\u00e9solution de l'\u00e9cran]\" width=\"1024\" height=\"683\" srcset=\"https:\/\/leblogusadedom.com\/wp\/wp-content\/uploads\/2015\/03\/U.S-Mexique-2013-249-R\u00e9solution-de-l\u00e9cran.jpg 1024w, https:\/\/leblogusadedom.com\/wp\/wp-content\/uploads\/2015\/03\/U.S-Mexique-2013-249-R\u00e9solution-de-l\u00e9cran-300x200.jpg 300w, https:\/\/leblogusadedom.com\/wp\/wp-content\/uploads\/2015\/03\/U.S-Mexique-2013-249-R\u00e9solution-de-l\u00e9cran-330x220.jpg 330w, https:\/\/leblogusadedom.com\/wp\/wp-content\/uploads\/2015\/03\/U.S-Mexique-2013-249-R\u00e9solution-de-l\u00e9cran-296x197.jpg 296w, https:\/\/leblogusadedom.com\/wp\/wp-content\/uploads\/2015\/03\/U.S-Mexique-2013-249-R\u00e9solution-de-l\u00e9cran-690x460.jpg 690w, https:\/\/leblogusadedom.com\/wp\/wp-content\/uploads\/2015\/03\/U.S-Mexique-2013-249-R\u00e9solution-de-l\u00e9cran-870x580.jpg 870w\" sizes=\"auto, (max-width: 1024px) 100vw, 1024px\" \/><\/a><\/p>\n<p>&nbsp;<\/p>\n","protected":false},"excerpt":{"rendered":"<p>Voici un aper\u00e7u de notre passage \u00e0 Crater Lake National Park en Oregon. Nous y sommes all\u00e9s \u00e0 l&#8217;automne, c&#8217;\u00e9tait fin octobre, et l&#8217;acc\u00e8s&#8230;<\/p>\n","protected":false},"author":1,"featured_media":3162,"comment_status":"open","ping_status":"open","sticky":false,"template":"","format":"standard","meta":{"_monsterinsights_skip_tracking":false,"_monsterinsights_sitenote_active":false,"_monsterinsights_sitenote_note":"","_monsterinsights_sitenote_category":0,"footnotes":""},"categories":[4],"tags":[34,9,10],"class_list":["post-38","post","type-post","status-publish","format-standard","has-post-thumbnail","hentry","category-travel","tag-crater-lake","tag-oregon","tag-parc","post-item","post-even"],"yoast_head":"<!-- This site is optimized with the Yoast SEO plugin v27.4 - https:\/\/yoast.com\/product\/yoast-seo-wordpress\/ -->\n<title>CRATER LAKE NATIONAL PARK OREGON- Le blog USA de Dom<\/title>\n<meta name=\"description\" content=\"Crater lake,Oregon. Un ancien volcan devenu caldeira, ses eaux pures sont couleur saphir. Ce parc national se situe dans le sud de l&#039;Oregon.\" \/>\n<meta name=\"robots\" content=\"index, follow, max-snippet:-1, max-image-preview:large, max-video-preview:-1\" \/>\n<link rel=\"canonical\" href=\"https:\/\/leblogusadedom.com\/wp\/2015\/03\/crater-lake-national-park\/\" \/>\n<meta property=\"og:locale\" content=\"fr_FR\" \/>\n<meta property=\"og:type\" content=\"article\" \/>\n<meta property=\"og:title\" content=\"CRATER LAKE NATIONAL PARK OREGON- Le blog USA de Dom\" \/>\n<meta property=\"og:description\" content=\"Crater lake,Oregon. Un ancien volcan devenu caldeira, ses eaux pures sont couleur saphir. Ce parc national se situe dans le sud de l&#039;Oregon.\" \/>\n<meta property=\"og:url\" content=\"https:\/\/leblogusadedom.com\/wp\/2015\/03\/crater-lake-national-park\/\" \/>\n<meta property=\"og:site_name\" content=\"LE BLOG USA DE DOM\" \/>\n<meta property=\"article:published_time\" content=\"2015-03-17T14:16:54+00:00\" \/>\n<meta property=\"article:modified_time\" content=\"2022-09-09T09:03:38+00:00\" \/>\n<meta property=\"og:image\" content=\"https:\/\/leblogusadedom.com\/wp\/wp-content\/uploads\/2015\/07\/crater-lake-2.jpg\" \/>\n\t<meta property=\"og:image:width\" content=\"1100\" \/>\n\t<meta property=\"og:image:height\" content=\"733\" \/>\n\t<meta property=\"og:image:type\" content=\"image\/jpeg\" \/>\n<meta name=\"author\" content=\"Dominique\" \/>\n<meta name=\"twitter:label1\" content=\"\u00c9crit par\" \/>\n\t<meta name=\"twitter:data1\" content=\"Dominique\" \/>\n\t<meta name=\"twitter:label2\" content=\"Dur\u00e9e de lecture estim\u00e9e\" \/>\n\t<meta name=\"twitter:data2\" content=\"6 minutes\" \/>\n<script type=\"application\/ld+json\" class=\"yoast-schema-graph\">{\"@context\":\"https:\\\/\\\/schema.org\",\"@graph\":[{\"@type\":\"Article\",\"@id\":\"https:\\\/\\\/leblogusadedom.com\\\/wp\\\/2015\\\/03\\\/crater-lake-national-park\\\/#article\",\"isPartOf\":{\"@id\":\"https:\\\/\\\/leblogusadedom.com\\\/wp\\\/2015\\\/03\\\/crater-lake-national-park\\\/\"},\"author\":{\"name\":\"Dominique\",\"@id\":\"https:\\\/\\\/leblogusadedom.com\\\/wp\\\/#\\\/schema\\\/person\\\/24b656e829f2d99328e73b24977178e0\"},\"headline\":\"Crater Lake National Park &#8211; OREGON\",\"datePublished\":\"2015-03-17T14:16:54+00:00\",\"dateModified\":\"2022-09-09T09:03:38+00:00\",\"mainEntityOfPage\":{\"@id\":\"https:\\\/\\\/leblogusadedom.com\\\/wp\\\/2015\\\/03\\\/crater-lake-national-park\\\/\"},\"wordCount\":575,\"commentCount\":2,\"publisher\":{\"@id\":\"https:\\\/\\\/leblogusadedom.com\\\/wp\\\/#organization\"},\"image\":{\"@id\":\"https:\\\/\\\/leblogusadedom.com\\\/wp\\\/2015\\\/03\\\/crater-lake-national-park\\\/#primaryimage\"},\"thumbnailUrl\":\"https:\\\/\\\/leblogusadedom.com\\\/wp\\\/wp-content\\\/uploads\\\/2015\\\/07\\\/crater-lake-2.jpg\",\"keywords\":[\"Crater lake\",\"Oregon\",\"parc\"],\"articleSection\":[\"TRAVEL\"],\"inLanguage\":\"fr-FR\",\"potentialAction\":[{\"@type\":\"CommentAction\",\"name\":\"Comment\",\"target\":[\"https:\\\/\\\/leblogusadedom.com\\\/wp\\\/2015\\\/03\\\/crater-lake-national-park\\\/#respond\"]}]},{\"@type\":\"WebPage\",\"@id\":\"https:\\\/\\\/leblogusadedom.com\\\/wp\\\/2015\\\/03\\\/crater-lake-national-park\\\/\",\"url\":\"https:\\\/\\\/leblogusadedom.com\\\/wp\\\/2015\\\/03\\\/crater-lake-national-park\\\/\",\"name\":\"CRATER LAKE NATIONAL PARK OREGON- Le blog USA de Dom\",\"isPartOf\":{\"@id\":\"https:\\\/\\\/leblogusadedom.com\\\/wp\\\/#website\"},\"primaryImageOfPage\":{\"@id\":\"https:\\\/\\\/leblogusadedom.com\\\/wp\\\/2015\\\/03\\\/crater-lake-national-park\\\/#primaryimage\"},\"image\":{\"@id\":\"https:\\\/\\\/leblogusadedom.com\\\/wp\\\/2015\\\/03\\\/crater-lake-national-park\\\/#primaryimage\"},\"thumbnailUrl\":\"https:\\\/\\\/leblogusadedom.com\\\/wp\\\/wp-content\\\/uploads\\\/2015\\\/07\\\/crater-lake-2.jpg\",\"datePublished\":\"2015-03-17T14:16:54+00:00\",\"dateModified\":\"2022-09-09T09:03:38+00:00\",\"description\":\"Crater lake,Oregon. Un ancien volcan devenu caldeira, ses eaux pures sont couleur saphir. Ce parc national se situe dans le sud de l'Oregon.\",\"breadcrumb\":{\"@id\":\"https:\\\/\\\/leblogusadedom.com\\\/wp\\\/2015\\\/03\\\/crater-lake-national-park\\\/#breadcrumb\"},\"inLanguage\":\"fr-FR\",\"potentialAction\":[{\"@type\":\"ReadAction\",\"target\":[\"https:\\\/\\\/leblogusadedom.com\\\/wp\\\/2015\\\/03\\\/crater-lake-national-park\\\/\"]}]},{\"@type\":\"ImageObject\",\"inLanguage\":\"fr-FR\",\"@id\":\"https:\\\/\\\/leblogusadedom.com\\\/wp\\\/2015\\\/03\\\/crater-lake-national-park\\\/#primaryimage\",\"url\":\"https:\\\/\\\/leblogusadedom.com\\\/wp\\\/wp-content\\\/uploads\\\/2015\\\/07\\\/crater-lake-2.jpg\",\"contentUrl\":\"https:\\\/\\\/leblogusadedom.com\\\/wp\\\/wp-content\\\/uploads\\\/2015\\\/07\\\/crater-lake-2.jpg\",\"width\":1100,\"height\":733},{\"@type\":\"BreadcrumbList\",\"@id\":\"https:\\\/\\\/leblogusadedom.com\\\/wp\\\/2015\\\/03\\\/crater-lake-national-park\\\/#breadcrumb\",\"itemListElement\":[{\"@type\":\"ListItem\",\"position\":1,\"name\":\"Accueil\",\"item\":\"https:\\\/\\\/leblogusadedom.com\\\/wp\\\/\"},{\"@type\":\"ListItem\",\"position\":2,\"name\":\"Crater Lake National Park &#8211; OREGON\"}]},{\"@type\":\"WebSite\",\"@id\":\"https:\\\/\\\/leblogusadedom.com\\\/wp\\\/#website\",\"url\":\"https:\\\/\\\/leblogusadedom.com\\\/wp\\\/\",\"name\":\"LE BLOG USA DE DOM\",\"description\":\"Blog voyage USA - Des road trips \u00e0 travers les \u00c9tats-Unis... L&#039;Am\u00e9rique profonde et authentique... Visite de villes, parcs et \u00e9v\u00e9nements automobiles...\",\"publisher\":{\"@id\":\"https:\\\/\\\/leblogusadedom.com\\\/wp\\\/#organization\"},\"potentialAction\":[{\"@type\":\"SearchAction\",\"target\":{\"@type\":\"EntryPoint\",\"urlTemplate\":\"https:\\\/\\\/leblogusadedom.com\\\/wp\\\/?s={search_term_string}\"},\"query-input\":{\"@type\":\"PropertyValueSpecification\",\"valueRequired\":true,\"valueName\":\"search_term_string\"}}],\"inLanguage\":\"fr-FR\"},{\"@type\":\"Organization\",\"@id\":\"https:\\\/\\\/leblogusadedom.com\\\/wp\\\/#organization\",\"name\":\"LE BLOG USA DE DOM\",\"url\":\"https:\\\/\\\/leblogusadedom.com\\\/wp\\\/\",\"logo\":{\"@type\":\"ImageObject\",\"inLanguage\":\"fr-FR\",\"@id\":\"https:\\\/\\\/leblogusadedom.com\\\/wp\\\/#\\\/schema\\\/logo\\\/image\\\/\",\"url\":\"https:\\\/\\\/leblogusadedom.com\\\/wp\\\/wp-content\\\/uploads\\\/2015\\\/03\\\/banni\u00e8re-voiture-850-400.jpg\",\"contentUrl\":\"https:\\\/\\\/leblogusadedom.com\\\/wp\\\/wp-content\\\/uploads\\\/2015\\\/03\\\/banni\u00e8re-voiture-850-400.jpg\",\"width\":850,\"height\":400,\"caption\":\"LE BLOG USA DE DOM\"},\"image\":{\"@id\":\"https:\\\/\\\/leblogusadedom.com\\\/wp\\\/#\\\/schema\\\/logo\\\/image\\\/\"}},{\"@type\":\"Person\",\"@id\":\"https:\\\/\\\/leblogusadedom.com\\\/wp\\\/#\\\/schema\\\/person\\\/24b656e829f2d99328e73b24977178e0\",\"name\":\"Dominique\",\"image\":{\"@type\":\"ImageObject\",\"inLanguage\":\"fr-FR\",\"@id\":\"https:\\\/\\\/secure.gravatar.com\\\/avatar\\\/6821be569de87c45d0da69f2885d7c00c7aa7f8f01f6706cd184116dd0d8bb50?s=96&d=mm&r=g\",\"url\":\"https:\\\/\\\/secure.gravatar.com\\\/avatar\\\/6821be569de87c45d0da69f2885d7c00c7aa7f8f01f6706cd184116dd0d8bb50?s=96&d=mm&r=g\",\"contentUrl\":\"https:\\\/\\\/secure.gravatar.com\\\/avatar\\\/6821be569de87c45d0da69f2885d7c00c7aa7f8f01f6706cd184116dd0d8bb50?s=96&d=mm&r=g\",\"caption\":\"Dominique\"},\"description\":\"Bonjour, je me pr\u00e9sente : Dom, passionn\u00e9e par les voyages en g\u00e9n\u00e9ral et en particulier aux USA ! J'ai effectu\u00e9 26 s\u00e9jours aux U.S, \u00e0 chaque fois sous forme de road-trip. Ce blog est donc consacr\u00e9 aux \u00c9tats-Unis, aux lieux \u00e0 visiter, villes, parcs, road-trips... Des lieux incontournables, mais aussi l'Am\u00e9rique profonde et authentique. Vous pouvez \u00e9galement lire sur le blog des articles sur les sports automobiles : meetings auto, dragsters, rassemblements de hot rods, muscle cars, parfois aussi sur des meetings a\u00e9riens. Une rubrique est aussi accord\u00e9e \u00e0 la litt\u00e9rature am\u00e9ricaine. Bonne lecture !!!\",\"url\":\"https:\\\/\\\/leblogusadedom.com\\\/wp\\\/author\\\/dom\\\/\"}]}<\/script>\n<!-- \/ Yoast SEO plugin. -->","yoast_head_json":{"title":"CRATER LAKE NATIONAL PARK OREGON- Le blog USA de Dom","description":"Crater lake,Oregon. Un ancien volcan devenu caldeira, ses eaux pures sont couleur saphir. Ce parc national se situe dans le sud de l'Oregon.","robots":{"index":"index","follow":"follow","max-snippet":"max-snippet:-1","max-image-preview":"max-image-preview:large","max-video-preview":"max-video-preview:-1"},"canonical":"https:\/\/leblogusadedom.com\/wp\/2015\/03\/crater-lake-national-park\/","og_locale":"fr_FR","og_type":"article","og_title":"CRATER LAKE NATIONAL PARK OREGON- Le blog USA de Dom","og_description":"Crater lake,Oregon. Un ancien volcan devenu caldeira, ses eaux pures sont couleur saphir. Ce parc national se situe dans le sud de l'Oregon.","og_url":"https:\/\/leblogusadedom.com\/wp\/2015\/03\/crater-lake-national-park\/","og_site_name":"LE BLOG USA DE DOM","article_published_time":"2015-03-17T14:16:54+00:00","article_modified_time":"2022-09-09T09:03:38+00:00","og_image":[{"width":1100,"height":733,"url":"https:\/\/leblogusadedom.com\/wp\/wp-content\/uploads\/2015\/07\/crater-lake-2.jpg","type":"image\/jpeg"}],"author":"Dominique","twitter_misc":{"\u00c9crit par":"Dominique","Dur\u00e9e de lecture estim\u00e9e":"6 minutes"},"schema":{"@context":"https:\/\/schema.org","@graph":[{"@type":"Article","@id":"https:\/\/leblogusadedom.com\/wp\/2015\/03\/crater-lake-national-park\/#article","isPartOf":{"@id":"https:\/\/leblogusadedom.com\/wp\/2015\/03\/crater-lake-national-park\/"},"author":{"name":"Dominique","@id":"https:\/\/leblogusadedom.com\/wp\/#\/schema\/person\/24b656e829f2d99328e73b24977178e0"},"headline":"Crater Lake National Park &#8211; OREGON","datePublished":"2015-03-17T14:16:54+00:00","dateModified":"2022-09-09T09:03:38+00:00","mainEntityOfPage":{"@id":"https:\/\/leblogusadedom.com\/wp\/2015\/03\/crater-lake-national-park\/"},"wordCount":575,"commentCount":2,"publisher":{"@id":"https:\/\/leblogusadedom.com\/wp\/#organization"},"image":{"@id":"https:\/\/leblogusadedom.com\/wp\/2015\/03\/crater-lake-national-park\/#primaryimage"},"thumbnailUrl":"https:\/\/leblogusadedom.com\/wp\/wp-content\/uploads\/2015\/07\/crater-lake-2.jpg","keywords":["Crater lake","Oregon","parc"],"articleSection":["TRAVEL"],"inLanguage":"fr-FR","potentialAction":[{"@type":"CommentAction","name":"Comment","target":["https:\/\/leblogusadedom.com\/wp\/2015\/03\/crater-lake-national-park\/#respond"]}]},{"@type":"WebPage","@id":"https:\/\/leblogusadedom.com\/wp\/2015\/03\/crater-lake-national-park\/","url":"https:\/\/leblogusadedom.com\/wp\/2015\/03\/crater-lake-national-park\/","name":"CRATER LAKE NATIONAL PARK OREGON- Le blog USA de Dom","isPartOf":{"@id":"https:\/\/leblogusadedom.com\/wp\/#website"},"primaryImageOfPage":{"@id":"https:\/\/leblogusadedom.com\/wp\/2015\/03\/crater-lake-national-park\/#primaryimage"},"image":{"@id":"https:\/\/leblogusadedom.com\/wp\/2015\/03\/crater-lake-national-park\/#primaryimage"},"thumbnailUrl":"https:\/\/leblogusadedom.com\/wp\/wp-content\/uploads\/2015\/07\/crater-lake-2.jpg","datePublished":"2015-03-17T14:16:54+00:00","dateModified":"2022-09-09T09:03:38+00:00","description":"Crater lake,Oregon. Un ancien volcan devenu caldeira, ses eaux pures sont couleur saphir. Ce parc national se situe dans le sud de l'Oregon.","breadcrumb":{"@id":"https:\/\/leblogusadedom.com\/wp\/2015\/03\/crater-lake-national-park\/#breadcrumb"},"inLanguage":"fr-FR","potentialAction":[{"@type":"ReadAction","target":["https:\/\/leblogusadedom.com\/wp\/2015\/03\/crater-lake-national-park\/"]}]},{"@type":"ImageObject","inLanguage":"fr-FR","@id":"https:\/\/leblogusadedom.com\/wp\/2015\/03\/crater-lake-national-park\/#primaryimage","url":"https:\/\/leblogusadedom.com\/wp\/wp-content\/uploads\/2015\/07\/crater-lake-2.jpg","contentUrl":"https:\/\/leblogusadedom.com\/wp\/wp-content\/uploads\/2015\/07\/crater-lake-2.jpg","width":1100,"height":733},{"@type":"BreadcrumbList","@id":"https:\/\/leblogusadedom.com\/wp\/2015\/03\/crater-lake-national-park\/#breadcrumb","itemListElement":[{"@type":"ListItem","position":1,"name":"Accueil","item":"https:\/\/leblogusadedom.com\/wp\/"},{"@type":"ListItem","position":2,"name":"Crater Lake National Park &#8211; OREGON"}]},{"@type":"WebSite","@id":"https:\/\/leblogusadedom.com\/wp\/#website","url":"https:\/\/leblogusadedom.com\/wp\/","name":"LE BLOG USA DE DOM","description":"Blog voyage USA - Des road trips \u00e0 travers les \u00c9tats-Unis... L&#039;Am\u00e9rique profonde et authentique... Visite de villes, parcs et \u00e9v\u00e9nements automobiles...","publisher":{"@id":"https:\/\/leblogusadedom.com\/wp\/#organization"},"potentialAction":[{"@type":"SearchAction","target":{"@type":"EntryPoint","urlTemplate":"https:\/\/leblogusadedom.com\/wp\/?s={search_term_string}"},"query-input":{"@type":"PropertyValueSpecification","valueRequired":true,"valueName":"search_term_string"}}],"inLanguage":"fr-FR"},{"@type":"Organization","@id":"https:\/\/leblogusadedom.com\/wp\/#organization","name":"LE BLOG USA DE DOM","url":"https:\/\/leblogusadedom.com\/wp\/","logo":{"@type":"ImageObject","inLanguage":"fr-FR","@id":"https:\/\/leblogusadedom.com\/wp\/#\/schema\/logo\/image\/","url":"https:\/\/leblogusadedom.com\/wp\/wp-content\/uploads\/2015\/03\/banni\u00e8re-voiture-850-400.jpg","contentUrl":"https:\/\/leblogusadedom.com\/wp\/wp-content\/uploads\/2015\/03\/banni\u00e8re-voiture-850-400.jpg","width":850,"height":400,"caption":"LE BLOG USA DE DOM"},"image":{"@id":"https:\/\/leblogusadedom.com\/wp\/#\/schema\/logo\/image\/"}},{"@type":"Person","@id":"https:\/\/leblogusadedom.com\/wp\/#\/schema\/person\/24b656e829f2d99328e73b24977178e0","name":"Dominique","image":{"@type":"ImageObject","inLanguage":"fr-FR","@id":"https:\/\/secure.gravatar.com\/avatar\/6821be569de87c45d0da69f2885d7c00c7aa7f8f01f6706cd184116dd0d8bb50?s=96&d=mm&r=g","url":"https:\/\/secure.gravatar.com\/avatar\/6821be569de87c45d0da69f2885d7c00c7aa7f8f01f6706cd184116dd0d8bb50?s=96&d=mm&r=g","contentUrl":"https:\/\/secure.gravatar.com\/avatar\/6821be569de87c45d0da69f2885d7c00c7aa7f8f01f6706cd184116dd0d8bb50?s=96&d=mm&r=g","caption":"Dominique"},"description":"Bonjour, je me pr\u00e9sente : Dom, passionn\u00e9e par les voyages en g\u00e9n\u00e9ral et en particulier aux USA ! J'ai effectu\u00e9 26 s\u00e9jours aux U.S, \u00e0 chaque fois sous forme de road-trip. Ce blog est donc consacr\u00e9 aux \u00c9tats-Unis, aux lieux \u00e0 visiter, villes, parcs, road-trips... Des lieux incontournables, mais aussi l'Am\u00e9rique profonde et authentique. Vous pouvez \u00e9galement lire sur le blog des articles sur les sports automobiles : meetings auto, dragsters, rassemblements de hot rods, muscle cars, parfois aussi sur des meetings a\u00e9riens. Une rubrique est aussi accord\u00e9e \u00e0 la litt\u00e9rature am\u00e9ricaine. Bonne lecture !!!","url":"https:\/\/leblogusadedom.com\/wp\/author\/dom\/"}]}},"_links":{"self":[{"href":"https:\/\/leblogusadedom.com\/wp\/wp-json\/wp\/v2\/posts\/38","targetHints":{"allow":["GET"]}}],"collection":[{"href":"https:\/\/leblogusadedom.com\/wp\/wp-json\/wp\/v2\/posts"}],"about":[{"href":"https:\/\/leblogusadedom.com\/wp\/wp-json\/wp\/v2\/types\/post"}],"author":[{"embeddable":true,"href":"https:\/\/leblogusadedom.com\/wp\/wp-json\/wp\/v2\/users\/1"}],"replies":[{"embeddable":true,"href":"https:\/\/leblogusadedom.com\/wp\/wp-json\/wp\/v2\/comments?post=38"}],"version-history":[{"count":32,"href":"https:\/\/leblogusadedom.com\/wp\/wp-json\/wp\/v2\/posts\/38\/revisions"}],"predecessor-version":[{"id":13817,"href":"https:\/\/leblogusadedom.com\/wp\/wp-json\/wp\/v2\/posts\/38\/revisions\/13817"}],"wp:featuredmedia":[{"embeddable":true,"href":"https:\/\/leblogusadedom.com\/wp\/wp-json\/wp\/v2\/media\/3162"}],"wp:attachment":[{"href":"https:\/\/leblogusadedom.com\/wp\/wp-json\/wp\/v2\/media?parent=38"}],"wp:term":[{"taxonomy":"category","embeddable":true,"href":"https:\/\/leblogusadedom.com\/wp\/wp-json\/wp\/v2\/categories?post=38"},{"taxonomy":"post_tag","embeddable":true,"href":"https:\/\/leblogusadedom.com\/wp\/wp-json\/wp\/v2\/tags?post=38"}],"curies":[{"name":"wp","href":"https:\/\/api.w.org\/{rel}","templated":true}]}}